{"id":26134,"date":"2022-05-11T16:23:01","date_gmt":"2022-05-11T16:23:01","guid":{"rendered":"https:\/\/www.espaigirones.com\/us-de-la-mascara-en-el-centre-comercial\/"},"modified":"2022-05-18T15:45:45","modified_gmt":"2022-05-18T15:45:45","slug":"us-de-la-mascara-en-el-centre-comercial","status":"publish","type":"post","link":"https:\/\/www.espaigirones.com\/fr\/us-de-la-mascara-en-el-centre-comercial\/","title":{"rendered":"UTILISATION DU MASQUE DANS LE CENTRE COMMERCIAL"},"content":{"rendered":"<p>&nbsp;<\/p>\n<p style=\"text-align: center;\"><img loading=\"lazy\" decoding=\"async\" class=\"size-full wp-image-26128 aligncenter\" src=\"https:\/\/www.espaigirones.com\/wp-content\/uploads\/sites\/11\/2022\/05\/mascarilla.jpg\" alt=\"\" width=\"300\" height=\"300\" srcset=\"https:\/\/www.espaigirones.com\/wp-content\/uploads\/sites\/11\/2022\/05\/mascarilla.jpg 300w, https:\/\/www.espaigirones.com\/wp-content\/uploads\/sites\/11\/2022\/05\/mascarilla-150x150.jpg 150w\" sizes=\"auto, (max-width: 300px) 100vw, 300px\" \/><\/p>\n<p>Le d\u00e9cret royal 286\/2022 du 19 avril \u00e9tablit qu&rsquo;il n&rsquo;est plus obligatoire de porter un masque \u00e0 l&rsquo;int\u00e9rieur, y compris dans les centres commerciaux. Il n&rsquo;est obligatoire que pour entrer dans la pharmacie de l&rsquo;Espai Giron\u00e8s. Nous invitons nos visiteurs et clients, afin de rendre leur visite aussi s\u00fbre que possible, car il s&rsquo;agit d&rsquo;un espace clos \u00e0 usage public dans lequel les gens passent ou restent longtemps, \u00e0 l&rsquo;utiliser de mani\u00e8re responsable.<\/p>\n","protected":false},"excerpt":{"rendered":"<p>&nbsp; Le d\u00e9cret royal 286\/2022 du 19 avril \u00e9tablit qu&rsquo;il n&rsquo;est plus obligatoire de porter un masque \u00e0 l&rsquo;int\u00e9rieur, y compris dans les centres commerciaux. Il n&rsquo;est obligatoire que pour entrer dans la pharmacie de l&rsquo;Espai Giron\u00e8s. Nous invitons nos visiteurs et clients, afin de rendre leur visite aussi s\u00fbre que possible, car il s&rsquo;agit [&hellip;]<\/p>\n","protected":false},"author":2,"featured_media":26130,"comment_status":"open","ping_status":"open","sticky":false,"template":"","format":"standard","meta":{"inline_featured_image":false,"footnotes":""},"categories":[137],"tags":[],"class_list":["post-26134","post","type-post","status-publish","format-standard","has-post-thumbnail","hentry","category-covid-fr"],"yoast_head":"<!-- This site is optimized with the Yoast SEO plugin v22.2 - https:\/\/yoast.com\/wordpress\/plugins\/seo\/ -->\n<title>UTILISATION DU MASQUE DANS LE CENTRE COMMERCIAL - Espai Giron\u00e8s<\/title>\n<meta name=\"robots\" content=\"index, follow, max-snippet:-1, max-image-preview:large, max-video-preview:-1\" \/>\n<link rel=\"canonical\" href=\"https:\/\/www.espaigirones.com\/fr\/us-de-la-mascara-en-el-centre-comercial\/\" \/>\n<meta property=\"og:locale\" content=\"fr_FR\" \/>\n<meta property=\"og:type\" content=\"article\" \/>\n<meta property=\"og:title\" content=\"UTILISATION DU MASQUE DANS LE CENTRE COMMERCIAL - Espai Giron\u00e8s\" \/>\n<meta property=\"og:description\" content=\"&nbsp; Le d\u00e9cret royal 286\/2022 du 19 avril \u00e9tablit qu&rsquo;il n&rsquo;est plus obligatoire de porter un masque \u00e0 l&rsquo;int\u00e9rieur, y compris dans les centres commerciaux. Il n&rsquo;est obligatoire que pour entrer dans la pharmacie de l&rsquo;Espai Giron\u00e8s. Nous invitons nos visiteurs et clients, afin de rendre leur visite aussi s\u00fbre que possible, car il s&rsquo;agit [&hellip;]\" \/>\n<meta property=\"og:url\" content=\"https:\/\/www.espaigirones.com\/fr\/us-de-la-mascara-en-el-centre-comercial\/\" \/>\n<meta property=\"og:site_name\" content=\"Espai Giron\u00e8s\" \/>\n<meta property=\"article:published_time\" content=\"2022-05-11T16:23:01+00:00\" \/>\n<meta property=\"article:modified_time\" content=\"2022-05-18T15:45:45+00:00\" \/>\n<meta property=\"og:image\" content=\"https:\/\/www.espaigirones.com\/wp-content\/uploads\/sites\/11\/2022\/05\/mascarilla.jpg\" \/>\n\t<meta property=\"og:image:width\" content=\"300\" \/>\n\t<meta property=\"og:image:height\" content=\"300\" \/>\n\t<meta property=\"og:image:type\" content=\"image\/jpeg\" \/>\n<meta name=\"author\" content=\"client\" \/>\n<meta name=\"twitter:card\" content=\"summary_large_image\" \/>\n<meta name=\"twitter:label1\" content=\"\u00c9crit par\" \/>\n\t<meta name=\"twitter:data1\" content=\"client\" \/>\n\t<meta name=\"twitter:label2\" content=\"Dur\u00e9e de lecture estim\u00e9e\" \/>\n\t<meta name=\"twitter:data2\" content=\"1 minute\" \/>\n<script type=\"application\/ld+json\" class=\"yoast-schema-graph\">{\"@context\":\"https:\/\/schema.org\",\"@graph\":[{\"@type\":\"WebPage\",\"@id\":\"https:\/\/www.espaigirones.com\/fr\/us-de-la-mascara-en-el-centre-comercial\/\",\"url\":\"https:\/\/www.espaigirones.com\/fr\/us-de-la-mascara-en-el-centre-comercial\/\",\"name\":\"UTILISATION DU MASQUE DANS LE CENTRE COMMERCIAL - Espai Giron\u00e8s\",\"isPartOf\":{\"@id\":\"https:\/\/www.espaigirones.com\/#website\"},\"primaryImageOfPage\":{\"@id\":\"https:\/\/www.espaigirones.com\/fr\/us-de-la-mascara-en-el-centre-comercial\/#primaryimage\"},\"image\":{\"@id\":\"https:\/\/www.espaigirones.com\/fr\/us-de-la-mascara-en-el-centre-comercial\/#primaryimage\"},\"thumbnailUrl\":\"https:\/\/www.espaigirones.com\/wp-content\/uploads\/sites\/11\/2022\/05\/mascarilla.jpg\",\"datePublished\":\"2022-05-11T16:23:01+00:00\",\"dateModified\":\"2022-05-18T15:45:45+00:00\",\"author\":{\"@id\":\"https:\/\/www.espaigirones.com\/#\/schema\/person\/13d9042f2e420f88c9104d8052e1ee26\"},\"inLanguage\":\"fr-FR\",\"potentialAction\":[{\"@type\":\"ReadAction\",\"target\":[\"https:\/\/www.espaigirones.com\/fr\/us-de-la-mascara-en-el-centre-comercial\/\"]}]},{\"@type\":\"ImageObject\",\"inLanguage\":\"fr-FR\",\"@id\":\"https:\/\/www.espaigirones.com\/fr\/us-de-la-mascara-en-el-centre-comercial\/#primaryimage\",\"url\":\"https:\/\/www.espaigirones.com\/wp-content\/uploads\/sites\/11\/2022\/05\/mascarilla.jpg\",\"contentUrl\":\"https:\/\/www.espaigirones.com\/wp-content\/uploads\/sites\/11\/2022\/05\/mascarilla.jpg\",\"width\":300,\"height\":300},{\"@type\":\"WebSite\",\"@id\":\"https:\/\/www.espaigirones.com\/#website\",\"url\":\"https:\/\/www.espaigirones.com\/\",\"name\":\"Espai Giron\u00e8s\",\"description\":\"\",\"potentialAction\":[{\"@type\":\"SearchAction\",\"target\":{\"@type\":\"EntryPoint\",\"urlTemplate\":\"https:\/\/www.espaigirones.com\/?s={search_term_string}\"},\"query-input\":\"required name=search_term_string\"}],\"inLanguage\":\"fr-FR\"},{\"@type\":\"Person\",\"@id\":\"https:\/\/www.espaigirones.com\/#\/schema\/person\/13d9042f2e420f88c9104d8052e1ee26\",\"name\":\"client\",\"image\":{\"@type\":\"ImageObject\",\"inLanguage\":\"fr-FR\",\"@id\":\"https:\/\/www.espaigirones.com\/#\/schema\/person\/image\/\",\"url\":\"https:\/\/secure.gravatar.com\/avatar\/f660ab912ec121d1b1e928a0bb4bc61b15f5ad44d5efdc4e1c92a25e99b8e44a?s=96&d=mm&r=g\",\"contentUrl\":\"https:\/\/secure.gravatar.com\/avatar\/f660ab912ec121d1b1e928a0bb4bc61b15f5ad44d5efdc4e1c92a25e99b8e44a?s=96&d=mm&r=g\",\"caption\":\"client\"},\"sameAs\":[\"codede1219_ka3ec9gh\"],\"url\":\"https:\/\/www.espaigirones.com\/fr\/author\/client\/\"}]}<\/script>\n<!-- \/ Yoast SEO plugin. -->","yoast_head_json":{"title":"UTILISATION DU MASQUE DANS LE CENTRE COMMERCIAL - Espai Giron\u00e8s","robots":{"index":"index","follow":"follow","max-snippet":"max-snippet:-1","max-image-preview":"max-image-preview:large","max-video-preview":"max-video-preview:-1"},"canonical":"https:\/\/www.espaigirones.com\/fr\/us-de-la-mascara-en-el-centre-comercial\/","og_locale":"fr_FR","og_type":"article","og_title":"UTILISATION DU MASQUE DANS LE CENTRE COMMERCIAL - Espai Giron\u00e8s","og_description":"&nbsp; Le d\u00e9cret royal 286\/2022 du 19 avril \u00e9tablit qu&rsquo;il n&rsquo;est plus obligatoire de porter un masque \u00e0 l&rsquo;int\u00e9rieur, y compris dans les centres commerciaux. Il n&rsquo;est obligatoire que pour entrer dans la pharmacie de l&rsquo;Espai Giron\u00e8s. Nous invitons nos visiteurs et clients, afin de rendre leur visite aussi s\u00fbre que possible, car il s&rsquo;agit [&hellip;]","og_url":"https:\/\/www.espaigirones.com\/fr\/us-de-la-mascara-en-el-centre-comercial\/","og_site_name":"Espai Giron\u00e8s","article_published_time":"2022-05-11T16:23:01+00:00","article_modified_time":"2022-05-18T15:45:45+00:00","og_image":[{"width":300,"height":300,"url":"https:\/\/www.espaigirones.com\/wp-content\/uploads\/sites\/11\/2022\/05\/mascarilla.jpg","type":"image\/jpeg"}],"author":"client","twitter_card":"summary_large_image","twitter_misc":{"\u00c9crit par":"client","Dur\u00e9e de lecture estim\u00e9e":"1 minute"},"schema":{"@context":"https:\/\/schema.org","@graph":[{"@type":"WebPage","@id":"https:\/\/www.espaigirones.com\/fr\/us-de-la-mascara-en-el-centre-comercial\/","url":"https:\/\/www.espaigirones.com\/fr\/us-de-la-mascara-en-el-centre-comercial\/","name":"UTILISATION DU MASQUE DANS LE CENTRE COMMERCIAL - Espai Giron\u00e8s","isPartOf":{"@id":"https:\/\/www.espaigirones.com\/#website"},"primaryImageOfPage":{"@id":"https:\/\/www.espaigirones.com\/fr\/us-de-la-mascara-en-el-centre-comercial\/#primaryimage"},"image":{"@id":"https:\/\/www.espaigirones.com\/fr\/us-de-la-mascara-en-el-centre-comercial\/#primaryimage"},"thumbnailUrl":"https:\/\/www.espaigirones.com\/wp-content\/uploads\/sites\/11\/2022\/05\/mascarilla.jpg","datePublished":"2022-05-11T16:23:01+00:00","dateModified":"2022-05-18T15:45:45+00:00","author":{"@id":"https:\/\/www.espaigirones.com\/#\/schema\/person\/13d9042f2e420f88c9104d8052e1ee26"},"inLanguage":"fr-FR","potentialAction":[{"@type":"ReadAction","target":["https:\/\/www.espaigirones.com\/fr\/us-de-la-mascara-en-el-centre-comercial\/"]}]},{"@type":"ImageObject","inLanguage":"fr-FR","@id":"https:\/\/www.espaigirones.com\/fr\/us-de-la-mascara-en-el-centre-comercial\/#primaryimage","url":"https:\/\/www.espaigirones.com\/wp-content\/uploads\/sites\/11\/2022\/05\/mascarilla.jpg","contentUrl":"https:\/\/www.espaigirones.com\/wp-content\/uploads\/sites\/11\/2022\/05\/mascarilla.jpg","width":300,"height":300},{"@type":"WebSite","@id":"https:\/\/www.espaigirones.com\/#website","url":"https:\/\/www.espaigirones.com\/","name":"Espai Giron\u00e8s","description":"","potentialAction":[{"@type":"SearchAction","target":{"@type":"EntryPoint","urlTemplate":"https:\/\/www.espaigirones.com\/?s={search_term_string}"},"query-input":"required name=search_term_string"}],"inLanguage":"fr-FR"},{"@type":"Person","@id":"https:\/\/www.espaigirones.com\/#\/schema\/person\/13d9042f2e420f88c9104d8052e1ee26","name":"client","image":{"@type":"ImageObject","inLanguage":"fr-FR","@id":"https:\/\/www.espaigirones.com\/#\/schema\/person\/image\/","url":"https:\/\/secure.gravatar.com\/avatar\/f660ab912ec121d1b1e928a0bb4bc61b15f5ad44d5efdc4e1c92a25e99b8e44a?s=96&d=mm&r=g","contentUrl":"https:\/\/secure.gravatar.com\/avatar\/f660ab912ec121d1b1e928a0bb4bc61b15f5ad44d5efdc4e1c92a25e99b8e44a?s=96&d=mm&r=g","caption":"client"},"sameAs":["codede1219_ka3ec9gh"],"url":"https:\/\/www.espaigirones.com\/fr\/author\/client\/"}]}},"_links":{"self":[{"href":"https:\/\/www.espaigirones.com\/fr\/wp-json\/wp\/v2\/posts\/26134","targetHints":{"allow":["GET"]}}],"collection":[{"href":"https:\/\/www.espaigirones.com\/fr\/wp-json\/wp\/v2\/posts"}],"about":[{"href":"https:\/\/www.espaigirones.com\/fr\/wp-json\/wp\/v2\/types\/post"}],"author":[{"embeddable":true,"href":"https:\/\/www.espaigirones.com\/fr\/wp-json\/wp\/v2\/users\/2"}],"replies":[{"embeddable":true,"href":"https:\/\/www.espaigirones.com\/fr\/wp-json\/wp\/v2\/comments?post=26134"}],"version-history":[{"count":2,"href":"https:\/\/www.espaigirones.com\/fr\/wp-json\/wp\/v2\/posts\/26134\/revisions"}],"predecessor-version":[{"id":26339,"href":"https:\/\/www.espaigirones.com\/fr\/wp-json\/wp\/v2\/posts\/26134\/revisions\/26339"}],"wp:featuredmedia":[{"embeddable":true,"href":"https:\/\/www.espaigirones.com\/fr\/wp-json\/wp\/v2\/media\/26130"}],"wp:attachment":[{"href":"https:\/\/www.espaigirones.com\/fr\/wp-json\/wp\/v2\/media?parent=26134"}],"wp:term":[{"taxonomy":"category","embeddable":true,"href":"https:\/\/www.espaigirones.com\/fr\/wp-json\/wp\/v2\/categories?post=26134"},{"taxonomy":"post_tag","embeddable":true,"href":"https:\/\/www.espaigirones.com\/fr\/wp-json\/wp\/v2\/tags?post=26134"}],"curies":[{"name":"wp","href":"https:\/\/api.w.org\/{rel}","templated":true}]}}